{"id":155,"date":"2015-10-13T07:08:17","date_gmt":"2015-10-13T10:08:17","guid":{"rendered":"https:\/\/grupoairslaid.com.br\/lonas\/?p=155"},"modified":"2023-10-25T15:42:51","modified_gmt":"2023-10-25T18:42:51","slug":"campanha-dia-das-criancas","status":"publish","type":"post","link":"https:\/\/grupoairslaid.com.br\/lonas\/campanha-dia-das-criancas\/","title":{"rendered":"Campanha dia das crian\u00e7as"},"content":{"rendered":"<p>Grupo Air Slaid faz doa\u00e7\u00e3o de brinquedos a crian\u00e7as carentes no dia das crian\u00e7as.<\/p>\n<p>Com o apoio do Fundo Social de Solidariedade e da Secretaria de Meio Ambiente da prefeitura de Americana, foi promovido no domingo (11\/10), das 9 \u00e0s 16 horas, uma a\u00e7\u00e3o do projeto \u201cThe Street Store\u201d, em comemora\u00e7\u00e3o ao Dia das Crian\u00e7as, na Pra\u00e7a da Fraternidade, na regi\u00e3o do Jardim da Paz, informou a presidente do Fundo Social de Solidariedade, Maine Najar.<\/p>\n<p>Segundo ela, a a\u00e7\u00e3o visa a integra\u00e7\u00e3o das fam\u00edlias e proporcionar um dia de lazer \u00e0s crian\u00e7as. \u201cSer\u00e1 um dia especial, com v\u00e1rias atra\u00e7\u00f5es que foram preparadas com muito carinho pelos organizadores e patrocinadores. Agradecemos a todos que colaboraram\u201d, disse Maine Najar.<\/p>\n<p>Durante o evento ser\u00e3o distribu\u00eddos 500 brinquedos para as crian\u00e7as, doados pela ind\u00fastria AirSlaid Tecidos T\u00e9cnicos, al\u00e9m de roupas masculina, feminina e infantil, sapatos, etc.<\/p>\n<p>Os brinquedos novos e usados foram arrecadados por meio de campanha realizada entre os funcion\u00e1rios do grupo Air Slaid, de acordo com a administradora e volunt\u00e1ria do projeto, Andrea de Lima.<\/p>\n<p>O projeto \u201cThe Street Store\u201d foi parte da a\u00e7\u00e3o \u201cCultura, Esporte e Cidadania\u201d, realizado na Pra\u00e7a da Fraternidade, das 9 \u00e0s 20 horas, com servi\u00e7os gratuitos \u00e0 popula\u00e7\u00e3o, Encontro de Fusca, Mensageiros da Alegria, m\u00fasica, dan\u00e7a, Pra\u00e7a de alimenta\u00e7\u00e3o, entre outras atra\u00e7\u00f5es. O grupo Air Slaid tamb\u00e9m distribuiu brinquedos na comunidade Zumbi em Santa B\u00e1rbara D&#8217;oeste.<\/p>\n<p>&nbsp;<\/p>\n<p>http:\/\/sb24horas.com.br\/americana-fundo-social-de-solidariedade-participa-de-evento-do-dia-das-criancas-na-praca-da-fraternidade\/[:en]Air Slaid group donates toys for children in need on children\u2019s day.<\/p>\n<p>With the support of Community solidarity fund and of environment secretariat municipality of Americana, on Sunday (11\/10) was promoted an action of the project \u201c Street Store\u201d, in celebrate of the children\u2019s day.<\/p>\n<p>The action has the intention of family integration and provide a recreation\u2019s day for the children.<\/p>\n<p>During the event will be distribute 500 toys for the children, donated by Air Slaid group. A They were also donated women&#8217;s clothing, men&#8217;s, and children&#8217;s shoes. The new and old toys was collected by the campaign realized between the employees of the group, in accordance with the administrator and voluntary team of the project, Andrea Lima.<\/p>\n<p>Air Slaid group still donated toys in community Zumbi, in Santa B\u00e1rbara D\u2019oeste.<\/p>\n<p>&nbsp;<\/p>\n<p>http:\/\/sb24horas.com.br\/americana-fundo-social-de-solidariedade-participa-de-evento-do-dia-das-criancas-na-praca-da-fraternidade\/[:es]\n<p>&nbsp;<\/p>\n<p>El grupo Air Slaid hace donaciones de juguetes para ni\u00f1os necesitados en el d\u00eda de los chicos.<\/p>\n<p>Con el respaldo del fondo Social de Solidaridad y de la secretaria de medio ambiente de la prefectura de Americana, en el \u00faltimo domingo (11\/10), ocurri\u00f3 de las 9:00 a las 16:00, la accione del proyecto \u201cStreet store\u201d en celebraci\u00f3n al d\u00eda de los chicos, en la plaza\u00a0 de la Fraternidad, en la regi\u00f3n del barrio Jardim da Paz.<\/p>\n<p>Segundo Maine Najar, esta accione, visa integrar las familias y proporcionar un d\u00eda de lazer a los chicos. \u201cSer\u00e1 un d\u00eda especial, con varias atracciones que fueron preparadas con mucho cari\u00f1o por los organizadores y los patrocinadores. Estamos muy agradecidos a todos que colaboraron\u201d. \u2013 Maine Najar.<\/p>\n<p>Durante el evento, ser\u00e1n distribuidos 500 juguetes para los ni\u00f1os, donados por la industria Air Slaid Tecidos T\u00e9cnicos, adem\u00e1s de ropas masculinas, femeninas e infantiles, calzados&#8230;<\/p>\n<p>Los juguetes nuevos y usados fueron recaudados por medio de la campa\u00f1a realizada entre los colaboradores del grupo Air slaid, de acuerdo con la administradora y voluntaria del proyecto, Andrea de Lima.<\/p>\n<p>El proyecto \u201cThe Street Store\u201d fue parte de la accione \u201cCultura, Deportes y Ciudadan\u00eda\u201d, realizado en la plaza de la Fraternidad, de las 9:00 a las 20:00 horas, con servicios gratis a las personas. Encuentro de fusca, mensajeros de la Alegr\u00eda y canci\u00f3n. Plaza de alimentaci\u00f3n, entre otras atracciones. El grupo Air Slaid tambi\u00e9n distribuy\u00f3 juguetes en la comunidad Zumbi en Santa B\u00e1rbara D\u2019oeste.<\/p>\n<blockquote data-secret=\"62pGyTqkUy\" class=\"wp-embedded-content\"><p><a href=\"http:\/\/sb24horas.com.br\/americana-fundo-social-de-solidariedade-participa-de-evento-do-dia-das-criancas-na-praca-da-fraternidade\/\" target=\"_blank\" rel=\"noopener\">Americana: Fundo Social de Solidariedade participa de evento do Dia das Crian\u00e7as na Pra\u00e7a da Fraternidade<\/a><\/p><\/blockquote>\n<p><iframe class=\"wp-embedded-content\" sandbox=\"allow-scripts\" security=\"restricted\" style=\"display:none;\" src=\"http:\/\/sb24horas.com.br\/americana-fundo-social-de-solidariedade-participa-de-evento-do-dia-das-criancas-na-praca-da-fraternidade\/embed\/#?secret=62pGyTqkUy\" data-secret=\"62pGyTqkUy\" width=\"500\" height=\"282\" title=\"Post do WordPress incorporado\" frameborder=\"0\" marginwidth=\"0\" marginheight=\"0\" scrolling=\"no\"><\/iframe><\/p>\n","protected":false},"excerpt":{"rendered":"<p>Grupo Air Slaid faz doa\u00e7\u00e3o de brinquedos a crian\u00e7as carentes no dia das crian\u00e7as. Com o apoio do Fundo Social de Solidariedade e da Secretaria de Meio Ambiente da prefeitura de Americana, foi promovido no domingo (11\/10), das 9 \u00e0s 16 horas, uma a\u00e7\u00e3o do projeto \u201cThe Street Store\u201d, em comemora\u00e7\u00e3o ao Dia das Crian\u00e7as, [&hellip;]<\/p>\n","protected":false},"author":132,"featured_media":5688,"comment_status":"open","ping_status":"closed","sticky":false,"template":"","format":"standard","meta":{"rank_math_lock_modified_date":false,"_monsterinsights_skip_tracking":false,"_monsterinsights_sitenote_active":false,"_monsterinsights_sitenote_note":"","_monsterinsights_sitenote_category":0,"_uf_show_specific_survey":0,"_uf_disable_surveys":false,"footnotes":"","_joinchat":[]},"categories":[364],"tags":[369,365,370,371,368],"acf":[],"aioseo_notices":[],"_links":{"self":[{"href":"https:\/\/grupoairslaid.com.br\/lonas\/wp-json\/wp\/v2\/posts\/155"}],"collection":[{"href":"https:\/\/grupoairslaid.com.br\/lonas\/wp-json\/wp\/v2\/posts"}],"about":[{"href":"https:\/\/grupoairslaid.com.br\/lonas\/wp-json\/wp\/v2\/types\/post"}],"author":[{"embeddable":true,"href":"https:\/\/grupoairslaid.com.br\/lonas\/wp-json\/wp\/v2\/users\/132"}],"replies":[{"embeddable":true,"href":"https:\/\/grupoairslaid.com.br\/lonas\/wp-json\/wp\/v2\/comments?post=155"}],"version-history":[{"count":1,"href":"https:\/\/grupoairslaid.com.br\/lonas\/wp-json\/wp\/v2\/posts\/155\/revisions"}],"predecessor-version":[{"id":5689,"href":"https:\/\/grupoairslaid.com.br\/lonas\/wp-json\/wp\/v2\/posts\/155\/revisions\/5689"}],"wp:featuredmedia":[{"embeddable":true,"href":"https:\/\/grupoairslaid.com.br\/lonas\/wp-json\/wp\/v2\/media\/5688"}],"wp:attachment":[{"href":"https:\/\/grupoairslaid.com.br\/lonas\/wp-json\/wp\/v2\/media?parent=155"}],"wp:term":[{"taxonomy":"category","embeddable":true,"href":"https:\/\/grupoairslaid.com.br\/lonas\/wp-json\/wp\/v2\/categories?post=155"},{"taxonomy":"post_tag","embeddable":true,"href":"https:\/\/grupoairslaid.com.br\/lonas\/wp-json\/wp\/v2\/tags?post=155"}],"curies":[{"name":"wp","href":"https:\/\/api.w.org\/{rel}","templated":true}]}}