{"id":162,"date":"2015-11-20T07:15:26","date_gmt":"2015-11-20T09:15:26","guid":{"rendered":"https:\/\/grupoairslaid.com.br\/lonas\/?p=162"},"modified":"2023-10-25T15:41:11","modified_gmt":"2023-10-25T18:41:11","slug":"grupo-air-slaid-marca-presenca-na-itma","status":"publish","type":"post","link":"https:\/\/grupoairslaid.com.br\/lonas\/grupo-air-slaid-marca-presenca-na-itma\/","title":{"rendered":"Grupo Air Slaid marca presen\u00e7a na ITMA 2015"},"content":{"rendered":"<p>O grupo Air Slaid marcou presen\u00e7a na 17\u00aa edi\u00e7\u00e3o da ITMA em Mil\u00e3o na It\u00e1lia. Al\u00e9m de inova\u00e7\u00e3o e sustentabilidade, os tecidos t\u00e9cnicos tamb\u00e9m se destacaram no evento.<br \/>\n\u201cA busca pela inova\u00e7\u00e3o e qualidade \u00e9 primordial para o grupo Air Slaid. Estamos sempre atentos \u00e0s novidades do mercado para oferecer os melhores produtos a nossos clientes\u201d- Rodrigo Luchesi Grassi, diretor administrativo e comercial.[:en]Air Slaid group was present in 17edition of ITMA in Milan, Italy. In addition to innovation and sustainability, the fabrics were the highlights of the event. \u201cThe search for innovation and quality is fundamental for Air Slaid group. We are always attentive to news of market for offer the best products for our clients\u201d. \u2013 says Rodrigo Luchesi Grassi, administrative and commercial director.[:es]El grupo Air Slaid estuvo presente en la 17\u00aa edici\u00f3n de ITMA en Mil\u00e1n (Italia). Adem\u00e1s de innovaci\u00f3n y sustentabilidad, los tejidos t\u00e9cnicos tambi\u00e9n si destacaron en el evento. \u201cLa busca por la innovaci\u00f3n y calidad es primordial para el grupo Air Slaid. Estamos siempre atentos a las novedades del mercado para ofrecer los mejores productos a nuestros clientes\u201d \u2013 dijo Rodrigo Luchesi Grassi, directivo administrativo y comercial.<\/p>\n<p>l.<\/p>\n","protected":false},"excerpt":{"rendered":"<p>O grupo Air Slaid marcou presen\u00e7a na 17\u00aa edi\u00e7\u00e3o da ITMA em Mil\u00e3o na It\u00e1lia. Al\u00e9m de inova\u00e7\u00e3o e sustentabilidade, os tecidos t\u00e9cnicos tamb\u00e9m se destacaram no evento. \u201cA busca pela inova\u00e7\u00e3o e qualidade \u00e9 primordial para o grupo Air Slaid. Estamos sempre atentos \u00e0s novidades do mercado para oferecer os melhores produtos a nossos [&hellip;]<\/p>\n","protected":false},"author":132,"featured_media":5686,"comment_status":"open","ping_status":"closed","sticky":false,"template":"","format":"standard","meta":{"rank_math_lock_modified_date":false,"_monsterinsights_skip_tracking":false,"_monsterinsights_sitenote_active":false,"_monsterinsights_sitenote_note":"","_monsterinsights_sitenote_category":0,"_uf_show_specific_survey":0,"_uf_disable_surveys":false,"footnotes":"","_joinchat":[]},"categories":[364],"tags":[372,368,373,374,375,376],"acf":[],"aioseo_notices":[],"_links":{"self":[{"href":"https:\/\/grupoairslaid.com.br\/lonas\/wp-json\/wp\/v2\/posts\/162"}],"collection":[{"href":"https:\/\/grupoairslaid.com.br\/lonas\/wp-json\/wp\/v2\/posts"}],"about":[{"href":"https:\/\/grupoairslaid.com.br\/lonas\/wp-json\/wp\/v2\/types\/post"}],"author":[{"embeddable":true,"href":"https:\/\/grupoairslaid.com.br\/lonas\/wp-json\/wp\/v2\/users\/132"}],"replies":[{"embeddable":true,"href":"https:\/\/grupoairslaid.com.br\/lonas\/wp-json\/wp\/v2\/comments?post=162"}],"version-history":[{"count":1,"href":"https:\/\/grupoairslaid.com.br\/lonas\/wp-json\/wp\/v2\/posts\/162\/revisions"}],"predecessor-version":[{"id":5687,"href":"https:\/\/grupoairslaid.com.br\/lonas\/wp-json\/wp\/v2\/posts\/162\/revisions\/5687"}],"wp:featuredmedia":[{"embeddable":true,"href":"https:\/\/grupoairslaid.com.br\/lonas\/wp-json\/wp\/v2\/media\/5686"}],"wp:attachment":[{"href":"https:\/\/grupoairslaid.com.br\/lonas\/wp-json\/wp\/v2\/media?parent=162"}],"wp:term":[{"taxonomy":"category","embeddable":true,"href":"https:\/\/grupoairslaid.com.br\/lonas\/wp-json\/wp\/v2\/categories?post=162"},{"taxonomy":"post_tag","embeddable":true,"href":"https:\/\/grupoairslaid.com.br\/lonas\/wp-json\/wp\/v2\/tags?post=162"}],"curies":[{"name":"wp","href":"https:\/\/api.w.org\/{rel}","templated":true}]}}