{"id":358,"date":"2016-08-23T08:29:31","date_gmt":"2016-08-23T11:29:31","guid":{"rendered":"https:\/\/grupoairslaid.com.br\/lonas\/?p=358"},"modified":"2023-10-25T15:36:04","modified_gmt":"2023-10-25T18:36:04","slug":"grupo-air-slaid-da-entrevista-para-revista-meio-filtrante","status":"publish","type":"post","link":"https:\/\/grupoairslaid.com.br\/lonas\/grupo-air-slaid-da-entrevista-para-revista-meio-filtrante\/","title":{"rendered":"Grupo Air Slaid d\u00e1 entrevista para revista Meio Filtrante"},"content":{"rendered":"<p>Na 81\u00aa edi\u00e7\u00e3o da revista Meio Filtrante \u2013 Julho\/Agosto 2016 \u2013 a revista publicou uma mat\u00e9ria sobre tecidos filtrantes, na qual o gerente comercial do grupo Air Slaid, Rafael Beraldo foi entrevistado e compartilhou algumas informa\u00e7\u00f5es sobre o mercado de tecidos t\u00e9cnicos.<\/p>\n<p>A mat\u00e9ria contempla tipos de tecidos, aspectos t\u00e9cnicos e mercadol\u00f3gicos e detalhes de produtos deste segmento.<\/p>\n<p>Confira a mat\u00e9ria completa no website da revista Meio Filtrante:<\/p>\n<p><a href=\"http:\/\/www.meiofiltrante.com.br\/edicoes.asp?link=ultima&amp;fase=C&amp;id=1090\" target=\"_blank\" rel=\"noopener\">http:\/\/www.meiofiltrante.com.br\/edicoes.asp?link=ultima&amp;fase=C&amp;id=1090<\/a><\/p>\n<p>&nbsp;<\/p>\n<p>Grupo Air Slaid<br \/>\nRepresentado por Rafael Beraldo<br \/>\nGerente comercial[:en]On 81 st. edition of Meio Filtrante Magazine \u2013 July\/August 2016 \u2013 the magazine published an article about filter wovens, which the comercial manager, Rafael Beraldo, was interviwed and shared some information about the filtration market.<\/p>\n<p>The article contemplates kinds of wovens, technical and marketing aspects \u00a0between more details of this segment.<\/p>\n<p>Check out full article on Meio Filtrante\u2019s website:<\/p>\n<p><a href=\"http:\/\/www.meiofiltrante.com.br\/edicoes.asp?link=ultima&amp;fase=C&amp;id=1090\" target=\"_blank\" rel=\"noopener\">http:\/\/www.meiofiltrante.com.br\/edicoes.asp?link=ultima&amp;fase=C&amp;id=1090<\/a><\/p>\n<p>Air Slaid group<\/p>\n<p>Represented by Rafael Beraldo<\/p>\n<p>Comercial management<\/p>\n[:es]En la 81\u00aa edici\u00f3n de la revista Meio Filtrante \u2013 Julio\/Agosto 2016 \u2013 La revista public\u00f3 una materia sobre tejidos filtrantes, en la cual el gerente comercial Rafael Beraldo fue entrevistado y comparti\u00f3 algunas informaciones sobre el mercado de tejidos t\u00e9cnicos.<\/p>\n<p>La materia contempla los tipos de tejidos, aspectos t\u00e9cnicos y mercadol\u00f3gicos y detalles sobre los produtos de esto segmento.<\/p>\n<p>Vea la materia completa en la p\u00e1gina web de la revista Meio Filtrante:<\/p>\n<p><a href=\"http:\/\/www.meiofiltrante.com.br\/edicoes.asp?link=ultima&amp;fase=C&amp;id=1090\" target=\"_blank\" rel=\"noopener\">http:\/\/www.meiofiltrante.com.br\/edicoes.asp?link=ultima&amp;fase=C&amp;id=1090<\/a><\/p>\n<p>Grupo Air Slaid<\/p>\n<p>Representado por Rafael Beraldo<br \/>\nGerente comercial<\/p>\n","protected":false},"excerpt":{"rendered":"<p>Na 81\u00aa edi\u00e7\u00e3o da revista Meio Filtrante \u2013 Julho\/Agosto 2016 \u2013 a revista publicou uma mat\u00e9ria sobre tecidos filtrantes, na qual o gerente comercial do grupo Air Slaid, Rafael Beraldo foi entrevistado e compartilhou algumas informa\u00e7\u00f5es sobre o mercado de tecidos t\u00e9cnicos. A mat\u00e9ria contempla tipos de tecidos, aspectos t\u00e9cnicos e mercadol\u00f3gicos e detalhes de [&hellip;]<\/p>\n","protected":false},"author":132,"featured_media":5676,"comment_status":"open","ping_status":"closed","sticky":false,"template":"","format":"standard","meta":{"rank_math_lock_modified_date":false,"_monsterinsights_skip_tracking":false,"_monsterinsights_sitenote_active":false,"_monsterinsights_sitenote_note":"","_monsterinsights_sitenote_category":0,"_uf_show_specific_survey":0,"_uf_disable_surveys":false,"footnotes":"","_joinchat":[]},"categories":[364],"tags":[],"acf":[],"aioseo_notices":[],"_links":{"self":[{"href":"https:\/\/grupoairslaid.com.br\/lonas\/wp-json\/wp\/v2\/posts\/358"}],"collection":[{"href":"https:\/\/grupoairslaid.com.br\/lonas\/wp-json\/wp\/v2\/posts"}],"about":[{"href":"https:\/\/grupoairslaid.com.br\/lonas\/wp-json\/wp\/v2\/types\/post"}],"author":[{"embeddable":true,"href":"https:\/\/grupoairslaid.com.br\/lonas\/wp-json\/wp\/v2\/users\/132"}],"replies":[{"embeddable":true,"href":"https:\/\/grupoairslaid.com.br\/lonas\/wp-json\/wp\/v2\/comments?post=358"}],"version-history":[{"count":1,"href":"https:\/\/grupoairslaid.com.br\/lonas\/wp-json\/wp\/v2\/posts\/358\/revisions"}],"predecessor-version":[{"id":5677,"href":"https:\/\/grupoairslaid.com.br\/lonas\/wp-json\/wp\/v2\/posts\/358\/revisions\/5677"}],"wp:featuredmedia":[{"embeddable":true,"href":"https:\/\/grupoairslaid.com.br\/lonas\/wp-json\/wp\/v2\/media\/5676"}],"wp:attachment":[{"href":"https:\/\/grupoairslaid.com.br\/lonas\/wp-json\/wp\/v2\/media?parent=358"}],"wp:term":[{"taxonomy":"category","embeddable":true,"href":"https:\/\/grupoairslaid.com.br\/lonas\/wp-json\/wp\/v2\/categories?post=358"},{"taxonomy":"post_tag","embeddable":true,"href":"https:\/\/grupoairslaid.com.br\/lonas\/wp-json\/wp\/v2\/tags?post=358"}],"curies":[{"name":"wp","href":"https:\/\/api.w.org\/{rel}","templated":true}]}}