{"id":364,"date":"2016-09-21T12:14:48","date_gmt":"2016-09-21T15:14:48","guid":{"rendered":"https:\/\/grupoairslaid.com.br\/lonas\/?p=364"},"modified":"2023-10-25T15:34:00","modified_gmt":"2023-10-25T18:34:00","slug":"dia-da-arvore","status":"publish","type":"post","link":"https:\/\/grupoairslaid.com.br\/lonas\/dia-da-arvore\/","title":{"rendered":"Dia da \u00e1rvore: Pequenos gestos fazem a diferen\u00e7a"},"content":{"rendered":"<p>Em meio a tantos compromissos, no dia da \u00e1rvore, o grupo Air Slaid se mobilizou para fazer essa pequena homenagem \u00e0 natureza.Foi plantada em nossa sede, uma \u00e1rvore, que representa um gesto simples de valoriza\u00e7\u00e3o da vida, o respeito com o meio ambiente e a preocupa\u00e7\u00e3o do grupo Air Slaid com a sustentabilidade, um de nossos principais pap\u00e9is.<\/p>\n<p>Parab\u00e9ns a toda a equipe pela a iniciativa e excelente trabalho realizado em conjunto:<br \/>\nNas fotos:<\/p>\n<p>Alex Oliveira \u2013 Supervisor de produ\u00e7\u00e3o<\/p>\n<p>Marcelo Samuel \u2013 Contramestre<\/p>\n<p>Paulo Maciel &#8211; Estoquista<\/p>\n<p>Rafael Beraldo \u2013 Gerente t\u00e9cnico comercial<\/p>\n<p><a href=\"https:\/\/grupoairslaid.com.br\/lonas\/wp-content\/uploads\/2016\/09\/Dia-da-\u00c1rvore-1.jpg\" rel=\"attachment wp-att-367\" data-rel=\"lightbox-image-0\" data-rl_title=\"\" data-rl_caption=\"\" title=\"\"><img fetchpriority=\"high\" decoding=\"async\" class=\"alignnone size-medium wp-image-367\" src=\"https:\/\/grupoairslaid.com.br\/lonas\/wp-content\/uploads\/2016\/09\/Dia-da-\u00c1rvore-1-300x250.jpg\" alt=\"dia-da-arvore-1\" width=\"300\" height=\"250\" title=\"\"><\/a> <a href=\"https:\/\/grupoairslaid.com.br\/lonas\/wp-content\/uploads\/2016\/09\/Dia-da-\u00c1rvore-2.jpg\" rel=\"attachment wp-att-368\" data-rel=\"lightbox-image-1\" data-rl_title=\"Dia-da-\u00c1rvore-2\" data-rl_caption=\"\" title=\"Dia-da-\u00c1rvore-2\"><img decoding=\"async\" class=\"alignnone size-medium wp-image-368\" src=\"https:\/\/grupoairslaid.com.br\/lonas\/wp-content\/uploads\/2016\/09\/Dia-da-\u00c1rvore-2-300x250.jpg\" alt=\"dia-da-arvore-2\" width=\"300\" height=\"250\" title=\"\"><\/a> <a href=\"https:\/\/grupoairslaid.com.br\/lonas\/wp-content\/uploads\/2016\/09\/Dia-da-\u00c1rvore-3-1.jpg\" rel=\"attachment wp-att-369\" data-rel=\"lightbox-image-2\" data-rl_title=\"\" data-rl_caption=\"\" title=\"\"><img decoding=\"async\" class=\"alignnone size-medium wp-image-369\" src=\"https:\/\/grupoairslaid.com.br\/lonas\/wp-content\/uploads\/2016\/09\/Dia-da-\u00c1rvore-3-1-300x250.jpg\" alt=\"dia-da-arvore-3\" width=\"300\" height=\"250\" title=\"\"><\/a> <a href=\"https:\/\/grupoairslaid.com.br\/lonas\/wp-content\/uploads\/2016\/09\/Dia-da-\u00c1rvore4-1.jpg\" rel=\"attachment wp-att-370\" data-rel=\"lightbox-image-3\" data-rl_title=\"\" data-rl_caption=\"\" title=\"\"><img loading=\"lazy\" decoding=\"async\" class=\"alignnone size-medium wp-image-370\" src=\"https:\/\/grupoairslaid.com.br\/lonas\/wp-content\/uploads\/2016\/09\/Dia-da-\u00c1rvore4-1-300x250.jpg\" alt=\"dia-da-arvore4\" width=\"300\" height=\"250\" title=\"\"><\/a><\/p>\n","protected":false},"excerpt":{"rendered":"<p>Em meio a tantos compromissos, no dia da \u00e1rvore, o grupo Air Slaid se mobilizou para fazer essa pequena homenagem \u00e0 natureza.Foi plantada em nossa sede, uma \u00e1rvore, que representa um gesto simples de valoriza\u00e7\u00e3o da vida, o respeito com o meio ambiente e a preocupa\u00e7\u00e3o do grupo Air Slaid com a sustentabilidade, um de [&hellip;]<\/p>\n","protected":false},"author":132,"featured_media":5674,"comment_status":"open","ping_status":"closed","sticky":false,"template":"","format":"standard","meta":{"rank_math_lock_modified_date":false,"_monsterinsights_skip_tracking":false,"_monsterinsights_sitenote_active":false,"_monsterinsights_sitenote_note":"","_monsterinsights_sitenote_category":0,"_uf_show_specific_survey":0,"_uf_disable_surveys":false,"footnotes":"","_joinchat":[]},"categories":[364],"tags":[],"acf":[],"aioseo_notices":[],"_links":{"self":[{"href":"https:\/\/grupoairslaid.com.br\/lonas\/wp-json\/wp\/v2\/posts\/364"}],"collection":[{"href":"https:\/\/grupoairslaid.com.br\/lonas\/wp-json\/wp\/v2\/posts"}],"about":[{"href":"https:\/\/grupoairslaid.com.br\/lonas\/wp-json\/wp\/v2\/types\/post"}],"author":[{"embeddable":true,"href":"https:\/\/grupoairslaid.com.br\/lonas\/wp-json\/wp\/v2\/users\/132"}],"replies":[{"embeddable":true,"href":"https:\/\/grupoairslaid.com.br\/lonas\/wp-json\/wp\/v2\/comments?post=364"}],"version-history":[{"count":2,"href":"https:\/\/grupoairslaid.com.br\/lonas\/wp-json\/wp\/v2\/posts\/364\/revisions"}],"predecessor-version":[{"id":5675,"href":"https:\/\/grupoairslaid.com.br\/lonas\/wp-json\/wp\/v2\/posts\/364\/revisions\/5675"}],"wp:featuredmedia":[{"embeddable":true,"href":"https:\/\/grupoairslaid.com.br\/lonas\/wp-json\/wp\/v2\/media\/5674"}],"wp:attachment":[{"href":"https:\/\/grupoairslaid.com.br\/lonas\/wp-json\/wp\/v2\/media?parent=364"}],"wp:term":[{"taxonomy":"category","embeddable":true,"href":"https:\/\/grupoairslaid.com.br\/lonas\/wp-json\/wp\/v2\/categories?post=364"},{"taxonomy":"post_tag","embeddable":true,"href":"https:\/\/grupoairslaid.com.br\/lonas\/wp-json\/wp\/v2\/tags?post=364"}],"curies":[{"name":"wp","href":"https:\/\/api.w.org\/{rel}","templated":true}]}}