{"id":381,"date":"2017-04-24T12:23:48","date_gmt":"2017-04-24T15:23:48","guid":{"rendered":"https:\/\/grupoairslaid.com.br\/lonas\/?p=381"},"modified":"2023-10-25T15:32:40","modified_gmt":"2023-10-25T18:32:40","slug":"empresa-amiga-da-crianca","status":"publish","type":"post","link":"https:\/\/grupoairslaid.com.br\/lonas\/empresa-amiga-da-crianca\/","title":{"rendered":"Grupo Air Slaid \u00e9 reconhecido pela Abrinq como empresa amiga da crian\u00e7a"},"content":{"rendered":"<p>Pelo oitavo ano consecutivo, o grupo Air Slaid \u00e9 reconhecido pela funda\u00e7\u00e3o Abrinq como empresa amiga da crian\u00e7a. O Programa mobiliza e reconhece empresas que realizam a\u00e7\u00f5es sociais para a promo\u00e7\u00e3o e defesa dos direitos das crian\u00e7as e adolescentes.<\/p>\n<p>A renova\u00e7\u00e3o do selo da Abrinq, firma o compromisso do grupo Air Slaid em n\u00e3o explorar o trabalho infantil e n\u00e3o o permitir em sua cadeia produtiva, a promover a forma\u00e7\u00e3o profissional e acesso ao emprego protegido para adolescentes e a realizar a\u00e7\u00f5es sociais em benef\u00edcio de crian\u00e7as e adolescentes. Dentre as a\u00e7\u00f5es sociais estabelecidas pelo grupo Air Slaid, as campanhas Adote uma cartinha (Dezembro\/2016), Natal Solid\u00e1rio (Dezembro\/2015) Campanha Dia das Crian\u00e7as (Outubro\/2015), refor\u00e7am esse compromisso.<\/p>\n<p>O grupo Air Slaid preza a sustentabilidade, os direitos humanos, trabalha orientado dentro dos princ\u00edpios legais, sociais e \u00e9ticos de seu pa\u00eds. Faz sua contribui\u00e7\u00e3o \u00e0 comunidade atrav\u00e9s de patroc\u00ednios de atletas, equipes desportivas e entidades sociais regionais. Entende que o compromisso com causas sociais e s\u00f3cio ambientais, n\u00e3o s\u00e3o apenas de responsabilidade do governo e que as organiza\u00e7\u00f5es t\u00eam o papel de promov\u00ea-las e apoi\u00e1-las.<\/p>\n","protected":false},"excerpt":{"rendered":"<p>Pelo oitavo ano consecutivo, o grupo Air Slaid \u00e9 reconhecido pela funda\u00e7\u00e3o Abrinq como empresa amiga da crian\u00e7a. O Programa mobiliza e reconhece empresas que realizam a\u00e7\u00f5es sociais para a promo\u00e7\u00e3o e defesa dos direitos das crian\u00e7as e adolescentes. A renova\u00e7\u00e3o do selo da Abrinq, firma o compromisso do grupo Air Slaid em n\u00e3o explorar [&hellip;]<\/p>\n","protected":false},"author":132,"featured_media":5669,"comment_status":"open","ping_status":"closed","sticky":false,"template":"","format":"standard","meta":{"rank_math_lock_modified_date":false,"_monsterinsights_skip_tracking":false,"_monsterinsights_sitenote_active":false,"_monsterinsights_sitenote_note":"","_monsterinsights_sitenote_category":0,"_uf_show_specific_survey":0,"_uf_disable_surveys":false,"footnotes":"","_joinchat":[]},"categories":[364],"tags":[],"acf":[],"aioseo_notices":[],"_links":{"self":[{"href":"https:\/\/grupoairslaid.com.br\/lonas\/wp-json\/wp\/v2\/posts\/381"}],"collection":[{"href":"https:\/\/grupoairslaid.com.br\/lonas\/wp-json\/wp\/v2\/posts"}],"about":[{"href":"https:\/\/grupoairslaid.com.br\/lonas\/wp-json\/wp\/v2\/types\/post"}],"author":[{"embeddable":true,"href":"https:\/\/grupoairslaid.com.br\/lonas\/wp-json\/wp\/v2\/users\/132"}],"replies":[{"embeddable":true,"href":"https:\/\/grupoairslaid.com.br\/lonas\/wp-json\/wp\/v2\/comments?post=381"}],"version-history":[{"count":1,"href":"https:\/\/grupoairslaid.com.br\/lonas\/wp-json\/wp\/v2\/posts\/381\/revisions"}],"predecessor-version":[{"id":5670,"href":"https:\/\/grupoairslaid.com.br\/lonas\/wp-json\/wp\/v2\/posts\/381\/revisions\/5670"}],"wp:featuredmedia":[{"embeddable":true,"href":"https:\/\/grupoairslaid.com.br\/lonas\/wp-json\/wp\/v2\/media\/5669"}],"wp:attachment":[{"href":"https:\/\/grupoairslaid.com.br\/lonas\/wp-json\/wp\/v2\/media?parent=381"}],"wp:term":[{"taxonomy":"category","embeddable":true,"href":"https:\/\/grupoairslaid.com.br\/lonas\/wp-json\/wp\/v2\/categories?post=381"},{"taxonomy":"post_tag","embeddable":true,"href":"https:\/\/grupoairslaid.com.br\/lonas\/wp-json\/wp\/v2\/tags?post=381"}],"curies":[{"name":"wp","href":"https:\/\/api.w.org\/{rel}","templated":true}]}}