{"id":412,"date":"2019-03-22T10:45:45","date_gmt":"2019-03-22T13:45:45","guid":{"rendered":"https:\/\/grupoairslaid.com.br\/lonas\/?p=412"},"modified":"2023-10-25T15:31:26","modified_gmt":"2023-10-25T18:31:26","slug":"dia-da-agua-por-que-e-importante-preservar","status":"publish","type":"post","link":"https:\/\/grupoairslaid.com.br\/lonas\/dia-da-agua-por-que-e-importante-preservar\/","title":{"rendered":"Dia da \u00c1gua: Por que \u00e9 importante preservar?"},"content":{"rendered":"<p>&nbsp;<\/p>\n<p>Hoje, 22 de mar\u00e7o, comemoramos o dia mundial da \u00e1gua, data criada em 1992 pela\u00a0<a href=\"http:\/\/onu.org.br\/\" target=\"_blank\" rel=\"noopener\"><strong>Organiza\u00e7\u00e3o das Na\u00e7\u00f5es Unidas<\/strong><\/a><strong>,<\/strong>\u00a0simbolizando mundialmente a sua preserva\u00e7\u00e3o.<\/p>\n<p>Atualmente, vivemos em constante abund\u00e2ncia do uso de \u00e1gua, mas este assunto, futuramente, pode sofrer uma grande escassez da natureza se ignorada por todos n\u00f3s.<\/p>\n<p>J\u00e1 imaginou como seria o mundo sem \u00e1gua? Por isso, no dia da \u00e1gua, Por que \u00e9 importante preservar?<\/p>\n<p>Devemos sempre nos conscientizar, para que isso n\u00e3o aconte\u00e7a. Com isso, citaremos a sua import\u00e2ncia e dicas para us\u00e1-la com sabedoria:<\/p>\n<p><strong>A \u00e1gua e sua import\u00e2ncia:<\/strong><\/p>\n<p style=\"text-align: left;\"><a href=\"https:\/\/grupoairslaid.com.br\/lonas\/wp-content\/uploads\/2019\/03\/corpos__1.jpg\" data-rel=\"lightbox-image-0\" data-rl_title=\"\" data-rl_caption=\"\" title=\"\"><img decoding=\"async\" class=\"wp-image-399 alignleft\" src=\"https:\/\/grupoairslaid.com.br\/lonas\/wp-content\/uploads\/2019\/03\/corpos__1.jpg\" alt=\"\" width=\"124\" height=\"185\" title=\"\"><\/a>\u00c1 \u00e1gua \u00e9 um recurso natural, de extrema import\u00e2ncia para nossa vida, pois \u00e9 respons\u00e1vel por grande parte do funcionamento dos mecanismos do corpo humano e sua sobreviv\u00eancia.<\/p>\n<p style=\"text-align: left;\">Ela est\u00e1 presente em cerca de 65% em homens adultos e 60% em mulheres adultas.<\/p>\n<p style=\"text-align: left;\">No planeta terra, 71% \u00e9 composto por este elemento, por\u00e9m a sua distribui\u00e7\u00e3o surpreende por sua grande diferen\u00e7a, sendo que mais de 97% \u00e9 salgada, impr\u00f3pria para o consumo, e apenas 2,5% \u00e9 de \u00e1gua doce, incluindo rios, lagos e geleiras que j\u00e1 podem ser utilizadas para consumo, desde que tratadas.<\/p>\n<p style=\"text-align: left;\"><a href=\"https:\/\/grupoairslaid.com.br\/lonas\/wp-content\/uploads\/2019\/03\/grafico.jpg\" data-rel=\"lightbox-image-1\" data-rl_title=\"\" data-rl_caption=\"\" title=\"\"><img fetchpriority=\"high\" decoding=\"async\" class=\"size-full wp-image-400 alignright\" src=\"https:\/\/grupoairslaid.com.br\/lonas\/wp-content\/uploads\/2019\/03\/grafico.jpg\" alt=\"\" width=\"252\" height=\"229\" title=\"\"><\/a><\/p>\n<p><strong>\u00a0<\/strong><\/p>\n<p><strong>Dicas de como economizar \u00e1gua:<\/strong><\/p>\n<p>Vejamos abaixo, dicas importantes que devem ser praticadas no dia a dia, e que com certeza far\u00e3o toda diferen\u00e7a no futuro<strong>.<\/strong><\/p>\n<ul>\n<li>Fechar o chuveiro durante o banho, pois segundo especialistas, \u00e9 poss\u00edvel economizar at\u00e9 130 litros;<\/li>\n<li>Fechar a torneira ao escovar os dentes;<\/li>\n<li>Fechar a torneira ao lavar lou\u00e7as;<\/li>\n<li>Reaproveitar \u00e1gua da m\u00e1quina de lavar para limpar quintais;<\/li>\n<li>Utilizar \u00e1gua da chuva para regar plantas e jardins;<\/li>\n<li>Usar a descarga com consci\u00eancia;<\/li>\n<li>Evitar vazamentos.<\/li>\n<\/ul>\n<p><strong>O grupo Air Slaid apoia esta causa t\u00e3o importante!<\/strong><\/p>\n<p><strong>Preserve \u00e1gua, Preserve a vida!<\/strong><\/p>\n","protected":false},"excerpt":{"rendered":"<p>&nbsp; Hoje, 22 de mar\u00e7o, comemoramos o dia mundial da \u00e1gua, data criada em 1992 pela\u00a0Organiza\u00e7\u00e3o das Na\u00e7\u00f5es Unidas,\u00a0simbolizando mundialmente a sua preserva\u00e7\u00e3o. Atualmente, vivemos em constante abund\u00e2ncia do uso de \u00e1gua, mas este assunto, futuramente, pode sofrer uma grande escassez da natureza se ignorada por todos n\u00f3s. J\u00e1 imaginou como seria o mundo sem [&hellip;]<\/p>\n","protected":false},"author":132,"featured_media":5667,"comment_status":"open","ping_status":"closed","sticky":false,"template":"","format":"standard","meta":{"rank_math_lock_modified_date":false,"_monsterinsights_skip_tracking":false,"_monsterinsights_sitenote_active":false,"_monsterinsights_sitenote_note":"","_monsterinsights_sitenote_category":0,"_uf_show_specific_survey":0,"_uf_disable_surveys":false,"footnotes":"","_joinchat":[]},"categories":[364],"tags":[],"acf":[],"aioseo_notices":[],"_links":{"self":[{"href":"https:\/\/grupoairslaid.com.br\/lonas\/wp-json\/wp\/v2\/posts\/412"}],"collection":[{"href":"https:\/\/grupoairslaid.com.br\/lonas\/wp-json\/wp\/v2\/posts"}],"about":[{"href":"https:\/\/grupoairslaid.com.br\/lonas\/wp-json\/wp\/v2\/types\/post"}],"author":[{"embeddable":true,"href":"https:\/\/grupoairslaid.com.br\/lonas\/wp-json\/wp\/v2\/users\/132"}],"replies":[{"embeddable":true,"href":"https:\/\/grupoairslaid.com.br\/lonas\/wp-json\/wp\/v2\/comments?post=412"}],"version-history":[{"count":1,"href":"https:\/\/grupoairslaid.com.br\/lonas\/wp-json\/wp\/v2\/posts\/412\/revisions"}],"predecessor-version":[{"id":5668,"href":"https:\/\/grupoairslaid.com.br\/lonas\/wp-json\/wp\/v2\/posts\/412\/revisions\/5668"}],"wp:featuredmedia":[{"embeddable":true,"href":"https:\/\/grupoairslaid.com.br\/lonas\/wp-json\/wp\/v2\/media\/5667"}],"wp:attachment":[{"href":"https:\/\/grupoairslaid.com.br\/lonas\/wp-json\/wp\/v2\/media?parent=412"}],"wp:term":[{"taxonomy":"category","embeddable":true,"href":"https:\/\/grupoairslaid.com.br\/lonas\/wp-json\/wp\/v2\/categories?post=412"},{"taxonomy":"post_tag","embeddable":true,"href":"https:\/\/grupoairslaid.com.br\/lonas\/wp-json\/wp\/v2\/tags?post=412"}],"curies":[{"name":"wp","href":"https:\/\/api.w.org\/{rel}","templated":true}]}}