{"id":443,"date":"2019-06-05T15:57:32","date_gmt":"2019-06-05T18:57:32","guid":{"rendered":"https:\/\/grupoairslaid.com.br\/lonas\/?p=443"},"modified":"2023-10-25T15:30:42","modified_gmt":"2023-10-25T18:30:42","slug":"dia-mundial-do-meio-ambiente-confira-7-dicas-de-preservacao","status":"publish","type":"post","link":"https:\/\/grupoairslaid.com.br\/lonas\/dia-mundial-do-meio-ambiente-confira-7-dicas-de-preservacao\/","title":{"rendered":"Meio ambiente: Confira 7 dicas de preserva\u00e7\u00e3o"},"content":{"rendered":"<p>O Dia Mundial do Meio Ambiente \u00e9 comemorado anualmente em 5 de Junho e tem como objetivo promover atividades de prote\u00e7\u00e3o e preserva\u00e7\u00e3o do meio ambiente.<\/p>\n<p>A data serve como alerta \u00e0 sociedade sobre os perigos de negligenciarmos a tarefa de cuidar do mundo em que vivemos.<\/p>\n<p><strong>Porque dia 5 de junho, \u00e9 o dia mundial do meio ambiente?<\/strong><\/p>\n<p>Porque no dia 5 de junho de 1972 teve in\u00edcio a primeira das Confer\u00eancias das Na\u00e7\u00f5es Unidas sobre o ambiente humano, a Confer\u00eancia de Estocolmo. A reuni\u00e3o durou at\u00e9 o dia 16 e congregou v\u00e1rios governos e ONG&#8217;s. A partir de ent\u00e3o, a data consta do calend\u00e1rio da ONU &#8211; Organiza\u00e7\u00e3o das Na\u00e7\u00f5es Unidas como o Dia Mundial do Meio Ambiente.<\/p>\n<p>Destacamos, algumas dicas de preserva\u00e7\u00e3o a serem praticadas no dia a dia:<\/p>\n<p>1- <strong>Economizar \u00e1gua:<\/strong> Fechar a torneira enquanto escovar os dentes, ao lavar lou\u00e7as ou durante o banho, pode gerar uma grande economia de \u00e1gua.<\/p>\n<p>2- <strong>Cultive \u00e1reas verdes: <\/strong>Manter \u00e1rvores em nosso planeta, garante melhor qualidade de vida e um ar mais puro. Plante uma \u00e1rvore!<\/p>\n<p>3- <strong>Economize energia el\u00e9trica:\u00a0<\/strong>Evite deixar as luzes acesas ou aparelhos eletr\u00f4nicos ligados quando n\u00e3o estiver utilizando.<\/p>\n<p>4- <strong>Diminua o uso de sacolas pl\u00e1sticas:\u00a0<\/strong>Utilize embalagens ecol\u00f3gicas, pois al\u00e9m de pr\u00e1ticas, s\u00e3o super sustent\u00e1veis.<\/p>\n<p>5- <strong>Andar de bicicleta:\u00a0<\/strong>Al\u00e9m de proporcionar bem estar e ser considerada uma grande aliada da sa\u00fade f\u00edsica, evita polui\u00e7\u00f5es ao ar.<\/p>\n<p>6- <strong>Separe o lixo:<\/strong> Com o objetivo\u00a0 de reaproveitar os materiais, a import\u00e2ncia de separar o lixo \u00e9 fundamental para o meio ambiente.<\/p>\n<p>7- <strong>Use l\u00e2mpadas fluorescentes:<\/strong> Com o benef\u00edcio de consumir em at\u00e9 75% menos energia, duram at\u00e9 10 vezes mais que as incandescentes.<\/p>\n<p>O Grupo Air Slaid, valoriza essa causa t\u00e3o importante!<\/p>\n<p>Fonte:\u00a0<a href=\"https:\/\/www.calendarr.com\/brasil\/dia-mundial-do-meio-ambiente\/\" target=\"_blank\" rel=\"noopener\">https:\/\/www.calendarr.com\/brasil\/dia-mundial-do-meio-ambiente\/<\/a><\/p>\n<p><a id=\"ember767\" class=\"hashtag-link ember-view\" href=\"https:\/\/www.linkedin.com\/feed\/hashtag\/?keywords=%23grupoairslaid\" target=\"_self\" rel=\"noopener noreferrer\" data-control-name=\"update_hashtag\"><span id=\"ember768\" class=\"hashtag-a11y ember-view\" dir=\"ltr\"><span aria-hidden=\"true\">#<\/span><span class=\"hashtag-a11y__name\">grupoairslaid<\/span><\/span><\/a> <a id=\"ember771\" class=\"hashtag-link ember-view\" href=\"https:\/\/www.linkedin.com\/feed\/hashtag\/?keywords=%23meioambiente\" target=\"_self\" rel=\"noopener noreferrer\" data-control-name=\"update_hashtag\"><span id=\"ember772\" class=\"hashtag-a11y ember-view\" dir=\"ltr\"><span aria-hidden=\"true\">#<\/span><span class=\"hashtag-a11y__name\">meioambiente<\/span><\/span><\/a> <a id=\"ember775\" class=\"hashtag-link ember-view\" href=\"https:\/\/www.linkedin.com\/feed\/hashtag\/?keywords=%23preservar\" target=\"_self\" rel=\"noopener noreferrer\" data-control-name=\"update_hashtag\"><span id=\"ember776\" class=\"hashtag-a11y ember-view\" dir=\"ltr\"><span aria-hidden=\"true\">#<\/span><span class=\"hashtag-a11y__name\">preservar<\/span><\/span><\/a> <a id=\"ember779\" class=\"hashtag-link ember-view\" href=\"https:\/\/www.linkedin.com\/feed\/hashtag\/?keywords=%23compromisso\" target=\"_self\" rel=\"noopener noreferrer\" data-control-name=\"update_hashtag\"><span id=\"ember780\" class=\"hashtag-a11y ember-view\" dir=\"ltr\"><span aria-hidden=\"true\">#<\/span><span class=\"hashtag-a11y__name\">compromisso<\/span><\/span><\/a> <a id=\"ember783\" class=\"hashtag-link ember-view\" href=\"https:\/\/www.linkedin.com\/feed\/hashtag\/?keywords=%23mundomelhor\" target=\"_self\" rel=\"noopener noreferrer\" data-control-name=\"update_hashtag\"><span id=\"ember784\" class=\"hashtag-a11y ember-view\" dir=\"ltr\"><span aria-hidden=\"true\">#<\/span><span class=\"hashtag-a11y__name\">mundomelhor<\/span><\/span><\/a> <a id=\"ember787\" class=\"hashtag-link ember-view\" href=\"https:\/\/www.linkedin.com\/feed\/hashtag\/?keywords=%23conscientizese\" target=\"_self\" rel=\"noopener noreferrer\" data-control-name=\"update_hashtag\"><span id=\"ember788\" class=\"hashtag-a11y ember-view\" dir=\"ltr\"><span aria-hidden=\"true\">#<\/span><span class=\"hashtag-a11y__name\">conscientizese<\/span><\/span><\/a> <a id=\"ember791\" class=\"hashtag-link ember-view\" href=\"https:\/\/www.linkedin.com\/feed\/hashtag\/?keywords=%23planeta\" target=\"_self\" rel=\"noopener noreferrer\" data-control-name=\"update_hashtag\"><span id=\"ember792\" class=\"hashtag-a11y ember-view\" dir=\"ltr\"><span aria-hidden=\"true\">#<\/span><span class=\"hashtag-a11y__name\">planeta<\/span><\/span><\/a> <a id=\"ember795\" class=\"hashtag-link ember-view\" href=\"https:\/\/www.linkedin.com\/feed\/hashtag\/?keywords=%23sustentabilidade\" target=\"_self\" rel=\"noopener noreferrer\" data-control-name=\"update_hashtag\"><span id=\"ember796\" class=\"hashtag-a11y ember-view\" dir=\"ltr\"><span aria-hidden=\"true\">#<\/span><span class=\"hashtag-a11y__name\">sustentabilidade<\/span><\/span><\/a><\/p>\n","protected":false},"excerpt":{"rendered":"<p>O Dia Mundial do Meio Ambiente \u00e9 comemorado anualmente em 5 de Junho e tem como objetivo promover atividades de prote\u00e7\u00e3o e preserva\u00e7\u00e3o do meio ambiente. A data serve como alerta \u00e0 sociedade sobre os perigos de negligenciarmos a tarefa de cuidar do mundo em que vivemos. Porque dia 5 de junho, \u00e9 o dia [&hellip;]<\/p>\n","protected":false},"author":132,"featured_media":5664,"comment_status":"open","ping_status":"closed","sticky":false,"template":"","format":"standard","meta":{"rank_math_lock_modified_date":false,"_monsterinsights_skip_tracking":false,"_monsterinsights_sitenote_active":false,"_monsterinsights_sitenote_note":"","_monsterinsights_sitenote_category":0,"_uf_show_specific_survey":0,"_uf_disable_surveys":false,"footnotes":"","_joinchat":[]},"categories":[364],"tags":[],"acf":[],"aioseo_notices":[],"_links":{"self":[{"href":"https:\/\/grupoairslaid.com.br\/lonas\/wp-json\/wp\/v2\/posts\/443"}],"collection":[{"href":"https:\/\/grupoairslaid.com.br\/lonas\/wp-json\/wp\/v2\/posts"}],"about":[{"href":"https:\/\/grupoairslaid.com.br\/lonas\/wp-json\/wp\/v2\/types\/post"}],"author":[{"embeddable":true,"href":"https:\/\/grupoairslaid.com.br\/lonas\/wp-json\/wp\/v2\/users\/132"}],"replies":[{"embeddable":true,"href":"https:\/\/grupoairslaid.com.br\/lonas\/wp-json\/wp\/v2\/comments?post=443"}],"version-history":[{"count":1,"href":"https:\/\/grupoairslaid.com.br\/lonas\/wp-json\/wp\/v2\/posts\/443\/revisions"}],"predecessor-version":[{"id":5665,"href":"https:\/\/grupoairslaid.com.br\/lonas\/wp-json\/wp\/v2\/posts\/443\/revisions\/5665"}],"wp:featuredmedia":[{"embeddable":true,"href":"https:\/\/grupoairslaid.com.br\/lonas\/wp-json\/wp\/v2\/media\/5664"}],"wp:attachment":[{"href":"https:\/\/grupoairslaid.com.br\/lonas\/wp-json\/wp\/v2\/media?parent=443"}],"wp:term":[{"taxonomy":"category","embeddable":true,"href":"https:\/\/grupoairslaid.com.br\/lonas\/wp-json\/wp\/v2\/categories?post=443"},{"taxonomy":"post_tag","embeddable":true,"href":"https:\/\/grupoairslaid.com.br\/lonas\/wp-json\/wp\/v2\/tags?post=443"}],"curies":[{"name":"wp","href":"https:\/\/api.w.org\/{rel}","templated":true}]}}