{"id":4935,"date":"2016-03-01T12:14:17","date_gmt":"2016-03-01T15:14:17","guid":{"rendered":"https:\/\/grupoairslaid.com.br\/lonas\/?p=283"},"modified":"2023-10-25T15:38:01","modified_gmt":"2023-10-25T18:38:01","slug":"grupo-air-slaid-e-reconhecido-como-defensor-dos-direitos-da-crianca-e-do-adolescente","status":"publish","type":"post","link":"https:\/\/grupoairslaid.com.br\/lonas\/grupo-air-slaid-e-reconhecido-como-defensor-dos-direitos-da-crianca-e-do-adolescente\/","title":{"rendered":"Grupo Air Slaid \u00e9 reconhecido como defensor dos direitos da crian\u00e7a e do adolescente"},"content":{"rendered":"<p>Associados \u00e0 funda\u00e7\u00e3o Abrinq desde Julho de 2011, uma funda\u00e7\u00e3o que protege os direitos das crian\u00e7as e adolescentes do Brasil, o grupo Air Slaid contribui para a forma\u00e7\u00e3o de pessoas melhores em nossa sociedade e acredita que um Brasil de amanh\u00e3, com foco no crescimento, prosperidade e direitos iguais para todos, s\u00f3 depende das crian\u00e7as de hoje.<\/p>\n<p>\u201cEm um final de ano, minha filha me pediu uma bicicleta nova de presente e junto ao pedido, me disse que gostaria de doar a antiga a uma crian\u00e7a que n\u00e3o tivesse condi\u00e7\u00f5es de ter uma bicicleta. Colocamos a bicicleta antiga no carro e fomos ao bairro carente mais pr\u00f3ximo.\u00a0 Andando pelas ruas, encontramos uma garotinha caminhando junto aos pa\u00eds. Chamamos a fam\u00edlia e perguntamos se a garotinha tinha uma bicicleta e ela disse que n\u00e3o, mas, que queria muito. Pedimos aos pa\u00eds se pod\u00edamos presentear a garotinha com a bicicleta e eles disseram que sim. A garotinha ficou muito feliz! Com certeza para ela foi um natal muito especial. A partir deste dia, amadurecemos a ideia de apoiar alguma institui\u00e7\u00e3o que defendesse os direitos da crian\u00e7a e do adolescente\u201d.\u00a0 Rodrigo Luchesi Grassi \u2013 Diretor administrativo e comercial[:en]Associate on ABRINQ since July of 2011, a foundation that protects teenagers and children\u2019 rights in Brazil, Air Slaid group contribute for formation of better people in our society and believe that a better country, depends of the children.<\/p>\n<p>\u201cIn a year end, my daughter asked me a gift, a new bicycle and also said me that she would want to donate her old bicycle for a child that didn\u2019t have financial conditions to buy one. We took the old bicycle in the car and went to a poor neighborhood. There, we found in the street, a child walking with her parents. We called the family and asked for the child if she had a bicycle, and she said no, but, would want so much one! We asked for your parents if we could give a bicycle for her and they said yes. The child was very happy! Surely for her, it was a especial Christmas. Since that day, we matured the idea of support an institution that defend the teenagers and children\u2019s rights\u201d \u2013 Rodrigo Luchesi Grassi \u2013 Administrative and commercial directive.<\/p>\n<p>\u201cIn a year end, my daughter asks me a gift, a new bicycle and also says me that she would want to donate her old bicycle for a child that didn\u2019t have financial conditions to buy one. We took the old bicycle in the car and went to a poor neighborhood. There we found in the street a child walking with her parents. We called the family and asked for the child if she had a bicycle, and she says not, but wants so much! We asked for your parents if we could give a bicycle for her and they said yes. The child was very happy! Surely for her, it was a especial Christmas. Since that day, we matured the idea of support an institution that defender the teenagers and children\u2019s rights\u201d \u2013 Rodrigo Luchesi Grassi \u2013 Administrative and commercial directive.[:es]Asociados a la fundaci\u00f3n ABRIQ desde Julio de 2011, una fundaci\u00f3n que protege los derechos de los ni\u00f1os y de los adolescentes \u00a0de Brasil, el grupo Air Slaid contribuye para la formaci\u00f3n de personas mejores en nuestra sociedad y \u00a0cree que un Brasil mejor, con enfoque en el crecimiento, prosperidad y derechos iguales para todos, solo depende de los ni\u00f1os de hoy.<\/p>\n<p>\u201cEn un final de a\u00f1o, mi hija me rog\u00f3 una nueva bicicleta de presente y junto al pedido me dijo que le gustar\u00eda donas su antigua a un ni\u00f1o que no tuviese condiciones financieras de tener una. Pondremos la bicicleta antigua en el auto y fuimos al barrio necesitado m\u00e1s pr\u00f3ximo. Encontramos por las calles una ni\u00f1a caminando junto a los padres. Llamamos\u00a0 la familia y preguntamos si la ni\u00f1a ten\u00eda una bicicleta y ella nos dijo que no, pero, que quer\u00eda mucho. Pedimos a sus padres se pod\u00edamos regalarla con una bicicleta y ellos dijeron que s\u00ed. La ni\u00f1a se qued\u00f3 muy feliz! Con certeza para ella, fue un Natal muy especial. A partir de esto d\u00eda, maduramos la idea de respaldar alguna instituci\u00f3n que defendiese a los derechos de los ni\u00f1os y de los adolescentes\u201d- Rodrigo Luchesi Grassi \u2013 Directivo administrativo y comercial.<\/p>\n","protected":false},"excerpt":{"rendered":"<p>Associados \u00e0 funda\u00e7\u00e3o Abrinq desde Julho de 2011, uma funda\u00e7\u00e3o que protege os direitos das crian\u00e7as e adolescentes do Brasil, o grupo Air Slaid contribui para a forma\u00e7\u00e3o de pessoas melhores em nossa sociedade e acredita que um Brasil de amanh\u00e3, com foco no crescimento, prosperidade e direitos iguais para todos, s\u00f3 depende das crian\u00e7as [&hellip;]<\/p>\n","protected":false},"author":132,"featured_media":5681,"comment_status":"open","ping_status":"closed","sticky":false,"template":"","format":"standard","meta":{"rank_math_lock_modified_date":false,"_monsterinsights_skip_tracking":false,"_monsterinsights_sitenote_active":false,"_monsterinsights_sitenote_note":"","_monsterinsights_sitenote_category":0,"_uf_show_specific_survey":0,"_uf_disable_surveys":false,"footnotes":"","_joinchat":[]},"categories":[364],"tags":[],"acf":[],"aioseo_notices":[],"_links":{"self":[{"href":"https:\/\/grupoairslaid.com.br\/lonas\/wp-json\/wp\/v2\/posts\/4935"}],"collection":[{"href":"https:\/\/grupoairslaid.com.br\/lonas\/wp-json\/wp\/v2\/posts"}],"about":[{"href":"https:\/\/grupoairslaid.com.br\/lonas\/wp-json\/wp\/v2\/types\/post"}],"author":[{"embeddable":true,"href":"https:\/\/grupoairslaid.com.br\/lonas\/wp-json\/wp\/v2\/users\/132"}],"replies":[{"embeddable":true,"href":"https:\/\/grupoairslaid.com.br\/lonas\/wp-json\/wp\/v2\/comments?post=4935"}],"version-history":[{"count":1,"href":"https:\/\/grupoairslaid.com.br\/lonas\/wp-json\/wp\/v2\/posts\/4935\/revisions"}],"predecessor-version":[{"id":5682,"href":"https:\/\/grupoairslaid.com.br\/lonas\/wp-json\/wp\/v2\/posts\/4935\/revisions\/5682"}],"wp:featuredmedia":[{"embeddable":true,"href":"https:\/\/grupoairslaid.com.br\/lonas\/wp-json\/wp\/v2\/media\/5681"}],"wp:attachment":[{"href":"https:\/\/grupoairslaid.com.br\/lonas\/wp-json\/wp\/v2\/media?parent=4935"}],"wp:term":[{"taxonomy":"category","embeddable":true,"href":"https:\/\/grupoairslaid.com.br\/lonas\/wp-json\/wp\/v2\/categories?post=4935"},{"taxonomy":"post_tag","embeddable":true,"href":"https:\/\/grupoairslaid.com.br\/lonas\/wp-json\/wp\/v2\/tags?post=4935"}],"curies":[{"name":"wp","href":"https:\/\/api.w.org\/{rel}","templated":true}]}}