{"id":589,"date":"2020-04-14T11:01:18","date_gmt":"2020-04-14T14:01:18","guid":{"rendered":"https:\/\/grupoairslaid.com.br\/lonas\/?p=589"},"modified":"2023-10-25T15:26:30","modified_gmt":"2023-10-25T18:26:30","slug":"covid-19-usinas-adotam-estrategias-para-safra-2020-21","status":"publish","type":"post","link":"https:\/\/grupoairslaid.com.br\/lonas\/covid-19-usinas-adotam-estrategias-para-safra-2020-21\/","title":{"rendered":"COVID-19: Usinas adotam estrat\u00e9gias para safra 2020\/21"},"content":{"rendered":"<p>Com os impactos que o novo Corona v\u00edrus tem trazido para diversos setores industriais, grande parte tem tido in\u00fameras incertezas, e uma delas, est\u00e1 voltada para o setor sucroenerg\u00e9tico, que tinha como in\u00edcio previsto, a safra 2020\/21 logo no in\u00edcio dos primeiros meses do ano, principalmente na regi\u00e3o Centro-sul do Brasil.<\/p>\n<p>Embora as paralisa\u00e7\u00f5es tenham sido adotadas como medidas de preven\u00e7\u00e3o \u00e0 epidemia que avan\u00e7a disparadamente no mundo todo, por um outro lado, se espelhou tamb\u00e9m como um empecilho na disparada da nova largada.<\/p>\n<p>Grande parte das usinas, tem buscado alternativas para suprir esse momento e n\u00e3o ter impacto em suas linhas de produ\u00e7\u00e3o e processamento;<\/p>\n<p>Um levantamento feito pelo ProCana Brasil e Grupo de Estudos em Recursos Humanos na agroind\u00fastria (Gerhai) com cerca de aproximadamente 100 usinas, aponta que muitas opera\u00e7\u00f5es seguiram seus planejamentos conforme o planejado no quesito de processamento da cana.<\/p>\n<p>Vale destacar que toda a preven\u00e7\u00e3o relacionada ao v\u00edrus, n\u00e3o parou totalmente o setor, muito pelo contr\u00e1rio, mostrou exemplos de responsabilidade social e s\u00e1bia administra\u00e7\u00e3o na gest\u00e3o de risco no momento afetivo da crise.<\/p>\n<p>Na quest\u00e3o operacional, foi apontado que cerca de 10% das unidades j\u00e1 deram in\u00edcio as moendas, iniciando o seu ciclo no final de fevereiro, ao longo de mar\u00e7o e primeiros dias de abril, por\u00e9m existem outras que planejam dar in\u00edcio no m\u00eas de maio. \u2018\u2019As usinas pesquisadas, em sua grande maioria, j\u00e1 est\u00e3o moendo dentro de sua capacidade instalada ou projetam crescimento no volume da cana a ser mo\u00edda nesta safra, portanto possuem pouca margem de manobra para n\u00e3o deixar cana bisada para a pr\u00f3xima safra\u2019\u2019 afirma Josias Messias, presidente da ProCana Brasil.<\/p>\n<p>Ele tamb\u00e9m destaca que a pesquisa revelou que as usinas pretendem manter as suas datas previstas por duas raz\u00f5es:<\/p>\n<p>\u2018\u2019A primeira, seria manter o cronograma necess\u00e1rio, para moer todo volume de mat\u00e9ria-prima projetado, em sua maioria com um pequeno crescimento\u2019\u2019, diz.<\/p>\n<p>Em segundo, apesar das medidas contra a pandemia, as empresas demonstram preocupa\u00e7\u00e3o com as eventuais consequ\u00eancias no decorrer da safra, tais como restri\u00e7\u00f5es de locomo\u00e7\u00e3o, afastamentos, suprimento de insumos fundamentais para a produ\u00e7\u00e3o como cal, enxofre e produtos utilizados no tratamento de \u00e1gua e fermenta\u00e7\u00e3o. A grande maioria preferiu a estrat\u00e9gia de manter o in\u00edcio da moagem como previsto, ou antecip\u00e1-lo, visando manter um f\u00f4lego para mitigar eventuais paradas ou perdas nos pr\u00f3ximos meses, afirmou.<\/p>\n<p><strong>Dados estat\u00edsticos de Programa\u00e7\u00e3o Moagem Safra 2020\/21<\/strong><\/p>\n<p><strong><a href=\"https:\/\/grupoairslaid.com.br\/lonas\/wp-content\/uploads\/2020\/04\/dados.jpg\" data-rel=\"lightbox-image-0\" data-rl_title=\"\" data-rl_caption=\"\" title=\"\"><img fetchpriority=\"high\" decoding=\"async\" class=\"size-medium wp-image-592 alignleft\" src=\"https:\/\/grupoairslaid.com.br\/lonas\/wp-content\/uploads\/2020\/04\/dados-300x186.jpg\" alt=\"\" width=\"300\" height=\"186\" title=\"\"><\/a><\/strong><\/p>\n<p>Outras a\u00e7\u00f5es que algumas empresas v\u00eam adotando, para reduzir os impactos que a crise pode causar s\u00e3o as medidas internas preventivas como o uso de \u00e1lcool em gel nas frentes de trabalho, suspens\u00e3o de atividades n\u00e3o essenciais, estrat\u00e9gias de home office, a fim de minimizar o problema.<\/p>\n<p>\u2018\u2019Temos acompanhado as medidas preventivas que as usinas t\u00eam tomado para conter essa crise provocada pela COVID-19 e vejo com muita satisfa\u00e7\u00e3o e contentamento o desempenho dos profissionais de Recursos Humanos do setor\u2019\u2019 afirma Jos\u00e9 Darciso Rui, Diretor Executivo do Grupo de Estudos de Recursos Humanos na Agroind\u00fastria (Gerhai)<\/p>\n<p><strong>Poss\u00edveis impactos que essa programa\u00e7\u00e3o pode gerar:<\/strong><\/p>\n<p>Um dos fatores que podem acarretar toda essa estrat\u00e9gia e cronograma que as usinas t\u00eam adotado s\u00e3o: mudan\u00e7as clim\u00e1ticas, qualidade da cana, ociosidade nas unidades<\/p>\n<p>Aproveitando a parte de produtividade, com o intuito de ajudar as usinas em suas demandas e programa\u00e7\u00f5es relacionadas a Safra 2020\/21, contribuindo para os processos de produ\u00e7\u00e3o, listamos a nossa linha <strong><em>Big Telas<\/em><\/strong> que a muitos anos, ajudam essas usinas na sua capacidade de produ\u00e7\u00e3o.<\/p>\n<p><strong><a href=\"https:\/\/grupoairslaid.com.br\/lonas\/wp-content\/uploads\/2020\/04\/mp70.jpg\" data-rel=\"lightbox-image-1\" data-rl_title=\"\" data-rl_caption=\"\" title=\"\"><img decoding=\"async\" class=\"alignnone wp-image-594\" src=\"https:\/\/grupoairslaid.com.br\/lonas\/wp-content\/uploads\/2020\/04\/mp70.jpg\" alt=\"\" width=\"231\" height=\"171\" title=\"\">\u00a0 \u00a0Tela para filtro prensa Masterpol\u00a0 70 ou Masterpol 90<\/a><\/strong><\/p>\n<p>&nbsp;<\/p>\n<p><strong><a href=\"https:\/\/grupoairslaid.com.br\/lonas\/wp-content\/uploads\/2020\/04\/xarope.jpg\" data-rel=\"lightbox-image-2\" data-rl_title=\"\" data-rl_caption=\"\" title=\"\"><img decoding=\"async\" class=\"alignnone wp-image-595\" src=\"https:\/\/grupoairslaid.com.br\/lonas\/wp-content\/uploads\/2020\/04\/xarope.jpg\" alt=\"\" width=\"233\" height=\"149\" title=\"\">\u00a0 \u00a0Tela para filtro xarope<\/a><\/strong><\/p>\n<p>&nbsp;<\/p>\n<p><a href=\"https:\/\/grupoairslaid.com.br\/lonas\/wp-content\/uploads\/2020\/04\/peneira-estatica.jpg\" data-rel=\"lightbox-image-3\" data-rl_title=\"\" data-rl_caption=\"\" title=\"\"><img loading=\"lazy\" decoding=\"async\" class=\"alignnone wp-image-596\" src=\"https:\/\/grupoairslaid.com.br\/lonas\/wp-content\/uploads\/2020\/04\/peneira-estatica-300x192.jpg\" alt=\"\" width=\"227\" height=\"150\" title=\"\">\u00a0 \u00a0<strong>T<\/strong><\/a><strong><a href=\"https:\/\/grupoairslaid.com.br\/lonas\/wp-content\/uploads\/2020\/04\/peneira-estatica.jpg\" data-rel=\"lightbox-image-4\" data-rl_title=\"\" data-rl_caption=\"\" title=\"\">ela para peneira est\u00e1tica<\/a><\/strong><\/p>\n<p>&nbsp;<\/p>\n<p><strong><a href=\"https:\/\/grupoairslaid.com.br\/lonas\/wp-content\/uploads\/2020\/04\/turbo-filtro.jpg\" data-rel=\"lightbox-image-5\" data-rl_title=\"\" data-rl_caption=\"\" title=\"\"><img loading=\"lazy\" decoding=\"async\" class=\"alignnone wp-image-597\" src=\"https:\/\/grupoairslaid.com.br\/lonas\/wp-content\/uploads\/2020\/04\/turbo-filtro-300x218.jpg\" alt=\"\" width=\"219\" height=\"158\" title=\"\">\u00a0 \u00a0 Tecido para turbo filtro<\/a><\/strong><\/p>\n<p>&nbsp;<\/p>\n<p><a href=\"https:\/\/grupoairslaid.com.br\/lonas\/wp-content\/uploads\/2020\/04\/peneira-fuligem.jpg\" data-rel=\"lightbox-image-6\" data-rl_title=\"\" data-rl_caption=\"\" title=\"\"><img loading=\"lazy\" decoding=\"async\" class=\" wp-image-598 alignleft\" src=\"https:\/\/grupoairslaid.com.br\/lonas\/wp-content\/uploads\/2020\/04\/peneira-fuligem-300x241.jpg\" alt=\"\" width=\"214\" height=\"170\" title=\"\"><\/a><\/p>\n<p>&nbsp;<\/p>\n<p>&nbsp;<\/p>\n<p>&nbsp;<\/p>\n<p>&nbsp;<\/p>\n<p><strong>Tela para peneira de fuligem<\/strong><\/p>\n<p>&nbsp;<\/p>\n<p>&nbsp;<\/p>\n<p><strong><a href=\"https:\/\/grupoairslaid.com.br\/lonas\/wp-content\/uploads\/2020\/04\/filtro-fuligem.jpg\" data-rel=\"lightbox-image-7\" data-rl_title=\"\" data-rl_caption=\"\" title=\"\"><img loading=\"lazy\" decoding=\"async\" class=\"alignnone wp-image-599\" src=\"https:\/\/grupoairslaid.com.br\/lonas\/wp-content\/uploads\/2020\/04\/filtro-fuligem-300x241.jpg\" alt=\"\" width=\"212\" height=\"161\" title=\"\"><\/a>\u00a0 \u00a0Tela para filtro de fuligem<\/strong><\/p>\n<p>&nbsp;<\/p>\n<p>Consulte nossa equipe de vendas e saiba mais em:<\/p>\n<p>+55 19 98364.0027\/ +55 19 3469.4411<\/p>\n<p>falecom@grupoairslaid.com.br<\/p>\n<p><a href=\"https:\/\/grupoairslaid.com.br\/lonas\/\">www.grupoairslaid.com.br<\/a><\/p>\n<p><strong>\u00a0<\/strong><\/p>\n<p><strong>Fontes: Jornalcana\/Novacana<\/strong><\/p>\n<p>&nbsp;<\/p>\n","protected":false},"excerpt":{"rendered":"<p>Com os impactos que o novo Corona v\u00edrus tem trazido para diversos setores industriais, grande parte tem tido in\u00fameras incertezas, e uma delas, est\u00e1 voltada para o setor sucroenerg\u00e9tico, que tinha como in\u00edcio previsto, a safra 2020\/21 logo no in\u00edcio dos primeiros meses do ano, principalmente na regi\u00e3o Centro-sul do Brasil. Embora as paralisa\u00e7\u00f5es tenham [&hellip;]<\/p>\n","protected":false},"author":132,"featured_media":5649,"comment_status":"open","ping_status":"closed","sticky":false,"template":"","format":"standard","meta":{"rank_math_lock_modified_date":false,"_monsterinsights_skip_tracking":false,"_monsterinsights_sitenote_active":false,"_monsterinsights_sitenote_note":"","_monsterinsights_sitenote_category":0,"_uf_show_specific_survey":0,"_uf_disable_surveys":false,"footnotes":"","_joinchat":[]},"categories":[364],"tags":[],"acf":[],"aioseo_notices":[],"_links":{"self":[{"href":"https:\/\/grupoairslaid.com.br\/lonas\/wp-json\/wp\/v2\/posts\/589"}],"collection":[{"href":"https:\/\/grupoairslaid.com.br\/lonas\/wp-json\/wp\/v2\/posts"}],"about":[{"href":"https:\/\/grupoairslaid.com.br\/lonas\/wp-json\/wp\/v2\/types\/post"}],"author":[{"embeddable":true,"href":"https:\/\/grupoairslaid.com.br\/lonas\/wp-json\/wp\/v2\/users\/132"}],"replies":[{"embeddable":true,"href":"https:\/\/grupoairslaid.com.br\/lonas\/wp-json\/wp\/v2\/comments?post=589"}],"version-history":[{"count":1,"href":"https:\/\/grupoairslaid.com.br\/lonas\/wp-json\/wp\/v2\/posts\/589\/revisions"}],"predecessor-version":[{"id":5650,"href":"https:\/\/grupoairslaid.com.br\/lonas\/wp-json\/wp\/v2\/posts\/589\/revisions\/5650"}],"wp:featuredmedia":[{"embeddable":true,"href":"https:\/\/grupoairslaid.com.br\/lonas\/wp-json\/wp\/v2\/media\/5649"}],"wp:attachment":[{"href":"https:\/\/grupoairslaid.com.br\/lonas\/wp-json\/wp\/v2\/media?parent=589"}],"wp:term":[{"taxonomy":"category","embeddable":true,"href":"https:\/\/grupoairslaid.com.br\/lonas\/wp-json\/wp\/v2\/categories?post=589"},{"taxonomy":"post_tag","embeddable":true,"href":"https:\/\/grupoairslaid.com.br\/lonas\/wp-json\/wp\/v2\/tags?post=589"}],"curies":[{"name":"wp","href":"https:\/\/api.w.org\/{rel}","templated":true}]}}