{"id":736,"date":"2021-08-18T09:30:26","date_gmt":"2021-08-18T12:30:26","guid":{"rendered":"https:\/\/grupoairslaid.com.br\/lonas\/?p=736"},"modified":"2023-10-25T14:29:28","modified_gmt":"2023-10-25T17:29:28","slug":"grupo-air-slaid-e-a-energia-fotovoltaica-no-meio-ambiente","status":"publish","type":"post","link":"https:\/\/grupoairslaid.com.br\/lonas\/grupo-air-slaid-e-a-energia-fotovoltaica-no-meio-ambiente\/","title":{"rendered":"Grupo Air Slaid e a Energia  Fotovoltaica no Meio Ambiente"},"content":{"rendered":"<p style=\"text-align: left;\"><a href=\"https:\/\/grupoairslaid.com.br\/lonas\/wp-content\/uploads\/2021\/08\/Imagem2.jpg\" data-rel=\"lightbox-image-0\" data-rl_title=\"\" data-rl_caption=\"\" title=\"\"><img decoding=\"async\" class=\"size-full wp-image-737 alignleft\" src=\"https:\/\/grupoairslaid.com.br\/lonas\/wp-content\/uploads\/2021\/08\/Imagem2.jpg\" alt=\"\" width=\"219\" height=\"127\" title=\"\"><\/a>A energia solar fotovoltaica, \u00e9 uma energia de fonte renov\u00e1vel e constante que n\u00e3o traz danos ao meio ambiente, pois n\u00e3o depende de uma grande \u00e1rea para sua instala\u00e7\u00e3o.<\/p>\n<p style=\"text-align: left;\">Do ponto de vista ambiental, essa energia se destaca por ser gerada sem emitir gases respons\u00e1veis pelo efeito estufa, uma das principais amea\u00e7as para o planeta.<\/p>\n<p style=\"text-align: left;\">Ela possui baixos impactos ambientais, sendo a fonte de energia com a menor emiss\u00e3o de poluentes.<\/p>\n<p style=\"text-align: left;\">Por\u00e9m, ainda existem alguns impactos que devem ser considerados, como a produ\u00e7\u00e3o e descarte de placas solares\u00a0que geram res\u00edduos.<\/p>\n<p style=\"text-align: left;\">Os pain\u00e9is\u00a0solares,\u00a0cont\u00eam muitos res\u00edduos metais t\u00f3xicos como chumbo, que podem danificar o sistema nervoso, bem como o cr\u00f3mio e o c\u00e1dmio, carcin\u00f3genos conhecidos.\u00a0Todos\u00a0os tr\u00eas\u00a0s\u00e3o\u00a0conhecidos por lixiviar os dep\u00f3sitos de\u00a0res\u00edduos\u00a0eletr\u00f4nicos existentes em fontes de \u00e1gua pot\u00e1vel.<\/p>\n<p style=\"text-align: left;\">Mesmo assim, os impactos negativos n\u00e3o s\u00e3o t\u00e3o relevantes, e ainda essa \u00e9 uma excelente alternativa para ser implantada, pois o seu uso vem crescendo exponencialmente, caminhando para se tornar a principal forma de gera\u00e7\u00e3o el\u00e9trica mundial.<\/p>\n<p style=\"text-align: left;\">Diante disso, o grupo Air Slaid, valoriza o meio ambiente e mant\u00e9m seu compromisso de sustentabilidade, passando a investir nesse m\u00e9todo e produzindo a gera\u00e7\u00e3o da sua pr\u00f3pria energia.<\/p>\n<p style=\"text-align: left;\">Os pontos positivos dessa tecnologia s\u00e3o:<\/p>\n<ul style=\"text-align: left;\">\n<li>Energia limpa;<\/li>\n<li>Efici\u00eancia energ\u00e9tica;<\/li>\n<li>Economia;<\/li>\n<li>Fonte renov\u00e1vel;<\/li>\n<li>Baixo n\u00edvel de manuten\u00e7\u00e3o;<\/li>\n<li>Silenciosa e n\u00e3o poluente.<\/li>\n<\/ul>\n<p style=\"text-align: left;\">Todos esses in\u00fameros benef\u00edcios, com certeza trar\u00e3o surpreendentes resultados para as gera\u00e7\u00f5es futuras.<\/p>\n<p style=\"text-align: left;\">Essa foi mais uma conquista do Grupo Air Slaid, trazendo sempre em primeiro lugar a sustentabilidade e preserva\u00e7\u00e3o do meio ambiente.<\/p>\n<p style=\"text-align: left;\">#grupoairslaid #energiafotovoltaica #meioambiente #sustentabilidade<\/p>\n<p style=\"text-align: left;\">#preservacao #compromisso #qualidade #economia #credibilidade<\/p>\n<p>&nbsp;<\/p>\n<p>Fonte: PortalSolar<\/p>\n","protected":false},"excerpt":{"rendered":"<p>A energia solar fotovoltaica, \u00e9 uma energia de fonte renov\u00e1vel e constante que n\u00e3o traz danos ao meio ambiente, pois n\u00e3o depende de uma grande \u00e1rea para sua instala\u00e7\u00e3o. Do ponto de vista ambiental, essa energia se destaca por ser gerada sem emitir gases respons\u00e1veis pelo efeito estufa, uma das principais amea\u00e7as para o planeta. [&hellip;]<\/p>\n","protected":false},"author":132,"featured_media":5624,"comment_status":"open","ping_status":"closed","sticky":false,"template":"","format":"standard","meta":{"rank_math_lock_modified_date":false,"_monsterinsights_skip_tracking":false,"_monsterinsights_sitenote_active":false,"_monsterinsights_sitenote_note":"","_monsterinsights_sitenote_category":0,"_uf_show_specific_survey":0,"_uf_disable_surveys":false,"footnotes":"","_joinchat":[]},"categories":[364],"tags":[],"acf":[],"aioseo_notices":[],"_links":{"self":[{"href":"https:\/\/grupoairslaid.com.br\/lonas\/wp-json\/wp\/v2\/posts\/736"}],"collection":[{"href":"https:\/\/grupoairslaid.com.br\/lonas\/wp-json\/wp\/v2\/posts"}],"about":[{"href":"https:\/\/grupoairslaid.com.br\/lonas\/wp-json\/wp\/v2\/types\/post"}],"author":[{"embeddable":true,"href":"https:\/\/grupoairslaid.com.br\/lonas\/wp-json\/wp\/v2\/users\/132"}],"replies":[{"embeddable":true,"href":"https:\/\/grupoairslaid.com.br\/lonas\/wp-json\/wp\/v2\/comments?post=736"}],"version-history":[{"count":1,"href":"https:\/\/grupoairslaid.com.br\/lonas\/wp-json\/wp\/v2\/posts\/736\/revisions"}],"predecessor-version":[{"id":5625,"href":"https:\/\/grupoairslaid.com.br\/lonas\/wp-json\/wp\/v2\/posts\/736\/revisions\/5625"}],"wp:featuredmedia":[{"embeddable":true,"href":"https:\/\/grupoairslaid.com.br\/lonas\/wp-json\/wp\/v2\/media\/5624"}],"wp:attachment":[{"href":"https:\/\/grupoairslaid.com.br\/lonas\/wp-json\/wp\/v2\/media?parent=736"}],"wp:term":[{"taxonomy":"category","embeddable":true,"href":"https:\/\/grupoairslaid.com.br\/lonas\/wp-json\/wp\/v2\/categories?post=736"},{"taxonomy":"post_tag","embeddable":true,"href":"https:\/\/grupoairslaid.com.br\/lonas\/wp-json\/wp\/v2\/tags?post=736"}],"curies":[{"name":"wp","href":"https:\/\/api.w.org\/{rel}","templated":true}]}}