{"id":788,"date":"2022-03-21T14:02:56","date_gmt":"2022-03-21T17:02:56","guid":{"rendered":"https:\/\/grupoairslaid.com.br\/lonas\/?p=788"},"modified":"2023-10-25T14:26:04","modified_gmt":"2023-10-25T17:26:04","slug":"os-efeitos-adversos-para-a-industria-pandemia-conflito-na-ucrania-e-escassez-de-materias-primas-derivadas-do-petroleo","status":"publish","type":"post","link":"https:\/\/grupoairslaid.com.br\/lonas\/os-efeitos-adversos-para-a-industria-pandemia-conflito-na-ucrania-e-escassez-de-materias-primas-derivadas-do-petroleo\/","title":{"rendered":"Os efeitos adversos para a ind\u00fastria: Pandemia, Conflito na Ucr\u00e2nia e Escassez de mat\u00e9rias-primas derivadas do Petr\u00f3leo"},"content":{"rendered":"<p>Devido os cen\u00e1rios de pandemia no ano de 2020 se estenderem para o ano 2022, podemos prever que nos produtos derivados do petr\u00f3leo: pl\u00e1sticos, qu\u00edmicos, e t\u00eaxteis, ocorrer\u00e1 eleva\u00e7\u00e3o de pre\u00e7os em rela\u00e7\u00e3o a mat\u00e9ria-prima.<\/p>\n<p>A \u201cesteira da maior crise sanit\u00e1ria da nossa \u00e9poca\u201d, como foi chamado pela Organiza\u00e7\u00e3o Mundial da Sa\u00fade (OMS), criou um desconformo financeiro em todo mercado nacional, devido a economia do Brasil ficar estagnada, tendo como estimativa do Branco Central de que no ano de 2021 o PIB (Produto Interno Bruto), tenha encolhido cerca de 4,3% comparado ao ano de 2020.<\/p>\n<p><strong><br \/>\n<strong>O que a pandemia causou nas ind\u00fastrias?<\/strong><\/strong><\/p>\n<p>Segundo economistas da \u00e9poca, um fator importante explica o que causou a falta de insumos nos \u00faltimos dois anos, que se deva por um desarranjo das cadeias produtivas, ocorrido no come\u00e7o da pandemia.<\/p>\n<p>Entre os meses de mar\u00e7o a junho de 2020, obtivemos a primeira queda relacionada a demanda e consumo em grandes ind\u00fastrias. O distanciamento social e a falta de perspectivas em rela\u00e7\u00e3o ao consumo, causou que muitas das ind\u00fastrias de diversos segmentos fechasse suas portas ou optasse por sistema de trabalho rotativo, f\u00e9rias coletivas para setores da produ\u00e7\u00e3o e home office para os setores administrativos. Segundo dados do IBGE (Instituto Brasileiro de Geografia e Estat\u00edstica), o primeiro semestre, a produ\u00e7\u00e3o industrial do Brasil, acumulou queda de 27%.<br \/>\nSem uma produ\u00e7\u00e3o efetiva e a uma tardia iniciativa do governo para liberar linhas de cr\u00e9dito para o setor produtivo, fornecedores e fabricantes de mat\u00e9ria prima, precisaram gerar um caixa especial para cumprir com seus compromissos financeiros, gerando tamb\u00e9m o consumo total de seus estoques.<\/p>\n<p>Com rela\u00e7\u00e3o \u00e0s mat\u00e9rias-primas, no primeiro semestre de 2021, a alta do polipropileno foi muito significativa para a ind\u00fastria, pois as importa\u00e7\u00f5es se exaltaram tanto no custo, quanto no frete para abastecimento da cadeia produtiva. Al\u00e9m disso, diversas empresas importantes dos EUA e M\u00e9xico, paralisaram suas opera\u00e7\u00f5es e alertaram sobre a pouca disponibilidade de grandes volumes.<\/p>\n<p>Com o controle da pandemia em alguns pa\u00edses e principalmente na China, a procura externa por commodities brasileiras estourou. Isso gerou um forte aumento nas exporta\u00e7\u00f5es, favorecido ainda pelo real desvalorizado em rela\u00e7\u00e3o ao d\u00f3lar, que acabou tornando se mais vi\u00e1vel para as empresas vender para o mercado externo. Em contrapartida, com o d\u00f3lar em alta, houve a inibi\u00e7\u00e3o das importa\u00e7\u00f5es.<\/p>\n<p>Todo este cen\u00e1rio causou um aumento consideravelmente absurdo em rela\u00e7\u00e3o ao mercado interno em produtos como soja, algod\u00e3o, milho, a\u00e7o, alum\u00ednio, prote\u00edna animal, arroz, papel e celulose.<br \/>\n<strong><br \/>\nComo a alta do petr\u00f3leo pode afetar o mercado?<\/strong><\/p>\n<p>\u00c9 f\u00e1cil concluir que o aumento do custo do petr\u00f3leo pode atingir significativamente a ind\u00fastria, devido ter a maior alta dos \u00faltimos sete anos. Entende-se que alta de 46% no pre\u00e7o do petr\u00f3leo nos \u00faltimos dose meses, n\u00e3o afeta apenas os pre\u00e7os dos combust\u00edveis e todos seus derivados.<br \/>\nOs derivados do petr\u00f3leo s\u00e3o usados como mat\u00e9ria prima para diversos produtos, sejam eles: pl\u00e1sticos, t\u00eaxteis e qu\u00edmicos, por exemplo.<\/p>\n<p>\u201cA ind\u00fastria de pl\u00e1stico, por exemplo, viu o pre\u00e7o de insumos como polipropileno (usado para fabricar de sacos para gr\u00e3os e fertilizantes a cadeiras pl\u00e1sticas, brinquedos e eletrodom\u00e9sticos) e polietileno (usado em embalagens de biscoitos, massas e sacos pl\u00e1sticos) subir mais de 100%, em m\u00e9dia\u201d, segundo Jos\u00e9 Ricardo Roriz Coelho, presidente da Abiplast, associa\u00e7\u00e3o do setor.<\/p>\n<p>Podemos comparar que no ano de 2021, as mat\u00e9rias primas, subiram no embalo da alta do petr\u00f3leo de d\u00f3lar supervalorizado. Para este ano de 2022, a infla\u00e7\u00e3o est\u00e1 alta, a demanda baixa e o d\u00f3lar com sinais de queda. Nesta ter\u00e7a-feira (16), o d\u00f3lar fechou \u00e0 R$ 5,12, maior valor nas \u00faltimas semanas.<\/p>\n<p>Irlan Arbetman (Analista de Petr\u00f3leo e G\u00e1s da Ativa Investimentos), pontou que grandes e pequenas ind\u00fastrias ter\u00e3o dificuldade e absorver o impacto desse aumento, tendo que repassar ao menos parte aos seus clientes, porque al\u00e9m de aumento de custos nos insumos, h\u00e1 press\u00e3o no transporte, log\u00edstica e energia el\u00e9trica (termel\u00e9tricas que usam diesel como combust\u00edvel).<br \/>\nHouve um reajuste de 32% no Poli\u00e9ster (mat\u00e9ria prima derivada do petr\u00f3leo) entre os meses de janeiro de 2020 a janeiro deste ano, segundo Fernando Pimentel (Presidente da Associa\u00e7\u00e3o Brasileira da Industrial T\u00eaxtil e de Confec\u00e7\u00e3o \u2013 Abit).<\/p>\n<p>\u201cH\u00e1 rela\u00e7\u00e3o direta de reajuste de pre\u00e7os de mat\u00e9rias-primas com a alta do petr\u00f3leo. E h\u00e1 o caso do elastano da China, que teve reajuste de 115% no mesmo per\u00edodo com o crescimento da demanda por esse produto e d\u00f3lar mais caro\u201d &#8211; segundo Fernando Pimentel.<\/p>\n<p>J\u00e1 em setores que s\u00e3o consumidores de produtos qu\u00edmicos (exemplo: embalagens, montadoras e constru\u00e7\u00e3o civil), a alta de custos em 2021, chegou \u00e0 62,25%<br \/>\n<strong><br \/>\nO que se esperar entre o conflito R\u00fassia e Ucr\u00e2nia?<\/strong><\/p>\n<p><a href=\"https:\/\/grupoairslaid.com.br\/lonas\/wp-content\/uploads\/2022\/03\/Imagem2.jpg\" data-rel=\"lightbox-image-0\" data-rl_title=\"\" data-rl_caption=\"\" title=\"\"><img decoding=\"async\" class=\"alignnone size-medium wp-image-794\" src=\"https:\/\/grupoairslaid.com.br\/lonas\/wp-content\/uploads\/2022\/03\/Imagem2-300x156.jpg\" alt=\"\" width=\"300\" height=\"156\" title=\"\"><\/a><br \/>\nO conflito que est\u00e1 ocorrendo entre R\u00fassia e Ucr\u00e2nia, pode causar um desconforto econ\u00f4mico a mais de 10 mil quil\u00f4metros de dist\u00e2ncia. No Brasil o efeito ser\u00e1 sentido diretamente em pelo menos tr\u00eas \u00e1reas: c\u00e2mbio, combust\u00edveis e alimentos. Pode se presumir que a falta de estabilidade no Leste Europeu, gera um impacto na infla\u00e7\u00e3o e isto faz com que tenha aumentos consider\u00e1veis nos juros, acarretando comprometimento no crescimento econ\u00f4mico em 2022.<\/p>\n<p>Vamos direcionar cada \u00e1rea, come\u00e7ando pelos combust\u00edveis. O primeiro ponto seria o pre\u00e7o internacional do petr\u00f3leo, em fevereiro deste ano o barril do tipo Brent chegou o custo de US$ 105, recorde de n\u00edvel desde 2014. Outra via, seria o g\u00e1s natural que teve o BTU (unidade de medida de energia) \u00e0 US$ 30, lembrando que atualmente a R\u00fassia \u00e9 a maior produtora em n\u00edvel global.<\/p>\n<p>Outro grande impacto que j\u00e1 vem sendo percebido, \u00e9 a instabilidade que o Poliamida vem sofrendo durante esse per\u00edodo de guerra n\u00e3o declarada. Somente na Europa temos uma concentra\u00e7\u00e3o de 40% dos sites de produ\u00e7\u00e3o do mundo dessa mat\u00e9ria-prima, al\u00e9m de um lockdown na China.<\/p>\n<p>J\u00e1 na \u00e1rea de c\u00e2mbio, o d\u00f3lar chegou a atingir na \u00faltima ter\u00e7a-feira (16) o valor R$ 5,12, ou seja, neste momento os efeitos no c\u00e2mbio n\u00e3o s\u00e3o preocupantes, uma vez que o Brasil se beneficie de uma queda de quase 10% no ano de 2022. Entretanto, se o conflito persistir, pode se anular a baixa no d\u00f3lar. A taxa Selic (Sistema Especial de Liquida\u00e7\u00e3o e de Cust\u00f3dia) subiu para 11,75%, isso prejudica o crescimento econ\u00f4mico neste momento:<\/p>\n<p><a href=\"https:\/\/grupoairslaid.com.br\/lonas\/wp-content\/uploads\/2022\/03\/Imagem3.jpg\" data-rel=\"lightbox-image-1\" data-rl_title=\"\" data-rl_caption=\"\" title=\"\"><img fetchpriority=\"high\" decoding=\"async\" class=\"alignnone size-medium wp-image-795\" src=\"https:\/\/grupoairslaid.com.br\/lonas\/wp-content\/uploads\/2022\/03\/Imagem3-286x300.jpg\" alt=\"\" width=\"286\" height=\"300\" title=\"\"><\/a><\/p>\n<p>Para a \u00e1rea de alimentos, a R\u00fassia \u00e9 a maior produtora de trigo no mundo e justamente a Ucr\u00e2nia ocupa a quarta posi\u00e7\u00e3o, isso faz com o que o Brasil n\u00e3o possa contar com pa\u00edses, porque a Argentina (maior exportadora do gr\u00e3o do Brasil), est\u00e1 passando por uma seca, prejudicando a safra local. A R\u00fassia tamb\u00e9m \u00e9 a maior produtora de fertilizantes do mundo, e o Brasil compra 20% dos fertilizantes e com o aumento do combust\u00edvel, isso interfere no repasse do pre\u00e7o da comida, devido os fretes estarem mais caros.<\/p>\n<p>Devido tamb\u00e9m a seca que ocorre no Sul do Brasil, os pre\u00e7os de alimentos e bebidas, subiram em janeiro pelo 18\u00ba m\u00eas consecutivo, apontam dados do IPCA-15 (\u00cdndice Nacional de pre\u00e7os ao Consumidor Amplo 15). Al\u00e9m da sequ\u00eancia de altas, o que causa preocupa\u00e7\u00e3o \u00e9 o cen\u00e1rio de riscos que pesa sobre parte da agropecu\u00e1ria neste come\u00e7o de ano.<\/p>\n<p>Conforme analistas, a estiagem vem castigando lavouras no Sul e amea\u00e7a elevar ainda mais os pre\u00e7os de alimentos no Brasil. Novas press\u00f5es inflacion\u00e1rias podem ocorrer nos pr\u00f3ximos meses, devido \u00e0s perdas em cultura como milho, soja, frutas e hortali\u00e7as. Tamb\u00e9m h\u00e1 impactos negativos da escassez de chuvas sobre a produ\u00e7\u00e3o de leite e carne.<\/p>\n<p>Podemos concluir que todo este cen\u00e1rio de altas e reajustes, ter\u00e1 um impacto negativo em todo o pa\u00eds e muita ind\u00fastria seja ela de grande porte ou pequeno porte, precisar\u00e1 criar estrat\u00e9gias para sobreviver e manter a sua sa\u00fade financeira.<\/p>\n<p>Fontes: O Globo \/ Ag\u00eancia Brasil \/ Banco Central do Brasil \/ BBC News\/ Folha de S\u00e3o Paulo.<br \/>\nImagens Divulga\u00e7\u00e3o: Wikipedia\/ Banco Central do Brasil\/O Globo<\/p>\n","protected":false},"excerpt":{"rendered":"<p>Devido os cen\u00e1rios de pandemia no ano de 2020 se estenderem para o ano 2022, podemos prever que nos produtos derivados do petr\u00f3leo: pl\u00e1sticos, qu\u00edmicos, e t\u00eaxteis, ocorrer\u00e1 eleva\u00e7\u00e3o de pre\u00e7os em rela\u00e7\u00e3o a mat\u00e9ria-prima. A \u201cesteira da maior crise sanit\u00e1ria da nossa \u00e9poca\u201d, como foi chamado pela Organiza\u00e7\u00e3o Mundial da Sa\u00fade (OMS), criou um [&hellip;]<\/p>\n","protected":false},"author":132,"featured_media":5619,"comment_status":"open","ping_status":"closed","sticky":false,"template":"","format":"standard","meta":{"rank_math_lock_modified_date":false,"_monsterinsights_skip_tracking":false,"_monsterinsights_sitenote_active":false,"_monsterinsights_sitenote_note":"","_monsterinsights_sitenote_category":0,"_uf_show_specific_survey":0,"_uf_disable_surveys":false,"footnotes":"","_joinchat":[]},"categories":[364],"tags":[],"acf":[],"aioseo_notices":[],"_links":{"self":[{"href":"https:\/\/grupoairslaid.com.br\/lonas\/wp-json\/wp\/v2\/posts\/788"}],"collection":[{"href":"https:\/\/grupoairslaid.com.br\/lonas\/wp-json\/wp\/v2\/posts"}],"about":[{"href":"https:\/\/grupoairslaid.com.br\/lonas\/wp-json\/wp\/v2\/types\/post"}],"author":[{"embeddable":true,"href":"https:\/\/grupoairslaid.com.br\/lonas\/wp-json\/wp\/v2\/users\/132"}],"replies":[{"embeddable":true,"href":"https:\/\/grupoairslaid.com.br\/lonas\/wp-json\/wp\/v2\/comments?post=788"}],"version-history":[{"count":1,"href":"https:\/\/grupoairslaid.com.br\/lonas\/wp-json\/wp\/v2\/posts\/788\/revisions"}],"predecessor-version":[{"id":5290,"href":"https:\/\/grupoairslaid.com.br\/lonas\/wp-json\/wp\/v2\/posts\/788\/revisions\/5290"}],"wp:featuredmedia":[{"embeddable":true,"href":"https:\/\/grupoairslaid.com.br\/lonas\/wp-json\/wp\/v2\/media\/5619"}],"wp:attachment":[{"href":"https:\/\/grupoairslaid.com.br\/lonas\/wp-json\/wp\/v2\/media?parent=788"}],"wp:term":[{"taxonomy":"category","embeddable":true,"href":"https:\/\/grupoairslaid.com.br\/lonas\/wp-json\/wp\/v2\/categories?post=788"},{"taxonomy":"post_tag","embeddable":true,"href":"https:\/\/grupoairslaid.com.br\/lonas\/wp-json\/wp\/v2\/tags?post=788"}],"curies":[{"name":"wp","href":"https:\/\/api.w.org\/{rel}","templated":true}]}}